{"id":3860,"date":"2010-04-13T00:00:00","date_gmt":"2010-04-13T00:00:00","guid":{"rendered":"https:\/\/fcmanrique.org\/2010\/04\/13\/la-fundacion-cesar-manrique-participara-en-las-x-jornadas-culturales-canarias-2010-en-berlin\/?lang=es"},"modified":"2022-09-14T11:46:41","modified_gmt":"2022-09-14T11:46:41","slug":"la-fundacion-cesar-manrique-participara-en-las-x-jornadas-culturales-canarias-2010-en-berlin","status":"publish","type":"post","link":"https:\/\/fcmanrique.org\/de\/la-fundacion-cesar-manrique-participara-en-las-x-jornadas-culturales-canarias-2010-en-berlin\/","title":{"rendered":"La Fundaci\u00f3n C\u00e9sar Manrique participar\u00e1 en las <em>X Jornadas culturales canarias 2010 en Berl\u00edn<\/em>"},"content":{"rendered":"<p><meta http-equiv=\"Content-Type\" content=\"text\/html; charset=utf-8\" \/><br \/>\n<meta name=\"ProgId\" content=\"Word.Document\" \/><br \/>\n<meta name=\"Generator\" content=\"Microsoft Word 10\" \/><br \/>\n<meta name=\"Originator\" content=\"Microsoft Word 10\" \/>\n<link rel=\"File-List\" href=\"file:\/\/\/C:%5CDOCUME%7E1%5CIdoya%5CCONFIG%7E1%5CTemp%5Cmsohtml1%5C01%5Cclip_filelist.xml\" \/><!--[if gte mso 9]><xml>\n \n  Normal\n  0\n  21\n  \n   \n   \n   \n   \n  \n  MicrosoftInternetExplorer4\n \n<\/xml><![endif]--><\/p>\n<style type=\"text\/css\">\n<!--\n \/* Style Definitions *\/\n p.MsoNormal, li.MsoNormal, div.MsoNormal\n\t{mso-style-parent:\"\";\n\tmargin:0cm;\n\t\n\tofont-size:12.0pt;\"Times New Roman\";\n\tmso-fareast-\"Times New Roman\";}\nspan.hovertiptarget\n\t{}\n@page Section1\n\t{size:612.0pt 792.0pt;\n\tmargin:70.85pt 3.0cm 70.85pt 3.0cm;}\ndiv.Section1\n\t{page:Section1;}\n-->\n<\/style>\n<p><!--[if gte mso 10]>\n\n\n<style>\n \/* Style Definitions *\/\n table.MsoNormalTable\n\t{mso-style-name:\"Tabla normal\";\n\tmso-style-parent:\"\";\n\t\"Times New Roman\";}\n<\/style>\n\n\n<![endif]--><span style=\"ofont-size: 10pt;\">El director de la Fundaci&oacute;n C&eacute;sar Manrique, Fernando G&oacute;mez Aguilera, intervendr&aacute; en un coloquio en el que se debatir&aacute; la obra de C&eacute;sar Manrique y su relaci&oacute;n con el paisaje de Canarias, en el Instituto Cervantes de Berl&iacute;n, el pr&oacute;ximo 16 de abril.<\/span><\/p>\n<div>El proyecto parte de una propuesta de la Asociaci&oacute;n Canarias en Berl&iacute;n, entidad que celebra desde hace ya 10 a&ntilde;os diversos actos culturales con la finalidad de dar a conocer, en Alemania, la cultura y las costumbres de las Islas. <\/div>\n<p><span style=\"ofont-size: 10pt;\">La asociaci&oacute;n Canarias en Berl&iacute;n se ha consolidado como una de las agrupaciones de habla hispana m&aacute;s din&aacute;micas de la capital alemana, y este a&ntilde;o, del 14 al 16 de abril, ser&aacute;n organizados tres actos culturales referentes al Archipi&eacute;lago canario.<\/span><\/p>\n<div><span style=\"ofont-size: 10pt;\">El 16 de abril, Fernando G&oacute;mez Aguilera clausurar&aacute; las X Jornadas junto a Eberhard Bosslet, artista alem&aacute;n que desde hace 30 a&ntilde;os trabaja en Canarias. Dialogar&aacute;n sobre la obra de C&eacute;sar Manrique, el paisaje canario y su fuerza po&eacute;tica. &ldquo;Una reflexi&oacute;n sobre el paisaje como arte y sus posibilidades de supervivencia en un clima de saqueo urban&iacute;stico&rdquo; seg&uacute;n lo definen los organizadores de las Jornadas.<\/span><\/div>\n<p><span style=\"ofont-size: 10pt;\">G&oacute;mez Aguilera expondr&aacute; las claves de C&eacute;sar Manrique a la hora de intervenir en el territorio de las islas, en particular en Lanzarote, donde desarroll&oacute; la mayor parte de su obra de arte p&uacute;blico a trav&eacute;s de los Centros de Arte, Cultura y Turismo. Asimismo, el director de la FCM se detendr&aacute; en perfilar el activismo de Manrique, su defensa del patrimonio insular y de los l&iacute;mites al crecimiento tur&iacute;stico, as&iacute; como su denuncia permanente de la especulaci&oacute;n urban&iacute;stica y de la banalizaci&oacute;n de los equipamientos tur&iacute;sticos y de la masificaci&oacute;n.<\/span><\/p>\n<div><span style=\"ofont-size: 10pt;\">Las Jornadas culturales concluir&aacute;n con un concierto ofrecidos por PROMUSCAN, organizaci&oacute;n que tiene por objeto el fomento y difusi&oacute;n de creaciones musicales realizadas por compositores canarios o vinculados a Canarias.<\/span><\/div>\n<p><\/p>","protected":false},"excerpt":{"rendered":"<p><meta http-equiv=\"Content-Type\" content=\"text\/html; charset=utf-8\" \/><br \/>\n<meta name=\"ProgId\" content=\"Word.Document\" \/><br \/>\n<meta name=\"Generator\" content=\"Microsoft Word 10\" \/><br \/>\n<meta name=\"Originator\" content=\"Microsoft Word 10\" \/>\n<link rel=\"File-List\" href=\"file:\/\/\/C:%5CDOCUME%7E1%5CIdoya%5CCONFIG%7E1%5CTemp%5Cmsohtml1%5C01%5Cclip_filelist.xml\" \/><!--[if gte mso 9]><xml>\n \n  Normal\n  0\n  21\n  \n   \n   \n   \n   \n  \n  MicrosoftInternetExplorer4\n \n<\/xml><![endif]--><\/p>\n<style type=\"text\/css\">\n<!--\n \/* Style Definitions *\/\n p.MsoNormal, li.MsoNormal, div.MsoNormal\n\t{mso-style-parent:\"\";\n\tmargin:0cm;\n\t\n\tofont-size:12.0pt;\"Times New Roman\";\n\tmso-fareast-\"Times New Roman\";}\n@page Section1\n\t{size:612.0pt 792.0pt;\n\tmargin:70.85pt 3.0cm 70.85pt 3.0cm;}\ndiv.Section1\n\t{page:Section1;}\n-->\n<\/style>\n<p><!--[if gte mso 10]>\n\n\n<style>\n \/* Style Definitions *\/\n table.MsoNormalTable\n\t{mso-style-name:\"Tabla normal\";\n\tmso-style-parent:\"\";\n\t\"Times New Roman\";}\n<\/style>\n\n\n<![endif]--><span style=\"ofont-size: 10pt;\">El director de la Fundaci&oacute;n C&eacute;sar Manrique, Fernando G&oacute;mez Aguilera, intervendr&aacute; en un coloquio en el que se debatir&aacute; la obra de C&eacute;sar Manrique y su relaci&oacute;n con el paisaje de Canarias, en el Instituto Cervantes de Berl&iacute;n, el pr&oacute;ximo 16 de abril.<\/span><\/p>\n","protected":false},"author":1,"featured_media":0,"comment_status":"closed","ping_status":"closed","sticky":false,"template":"","format":"standard","meta":{"_acf_changed":false,"ngg_post_thumbnail":0,"footnotes":""},"categories":[3,77,4],"tags":[],"class_list":["post-3860","post","type-post","status-publish","format-standard","hentry","category-sitio-antiguo","category-prensa","category-expirados"],"acf":[],"_links":{"self":[{"href":"https:\/\/fcmanrique.org\/de\/wp-json\/wp\/v2\/posts\/3860","targetHints":{"allow":["GET"]}}],"collection":[{"href":"https:\/\/fcmanrique.org\/de\/wp-json\/wp\/v2\/posts"}],"about":[{"href":"https:\/\/fcmanrique.org\/de\/wp-json\/wp\/v2\/types\/post"}],"author":[{"embeddable":true,"href":"https:\/\/fcmanrique.org\/de\/wp-json\/wp\/v2\/users\/1"}],"replies":[{"embeddable":true,"href":"https:\/\/fcmanrique.org\/de\/wp-json\/wp\/v2\/comments?post=3860"}],"version-history":[{"count":4,"href":"https:\/\/fcmanrique.org\/de\/wp-json\/wp\/v2\/posts\/3860\/revisions"}],"predecessor-version":[{"id":22900,"href":"https:\/\/fcmanrique.org\/de\/wp-json\/wp\/v2\/posts\/3860\/revisions\/22900"}],"wp:attachment":[{"href":"https:\/\/fcmanrique.org\/de\/wp-json\/wp\/v2\/media?parent=3860"}],"wp:term":[{"taxonomy":"category","embeddable":true,"href":"https:\/\/fcmanrique.org\/de\/wp-json\/wp\/v2\/categories?post=3860"},{"taxonomy":"post_tag","embeddable":true,"href":"https:\/\/fcmanrique.org\/de\/wp-json\/wp\/v2\/tags?post=3860"}],"curies":[{"name":"wp","href":"https:\/\/api.w.org\/{rel}","templated":true}]}}