{"id":3926,"date":"2009-10-16T00:00:00","date_gmt":"2009-10-16T00:00:00","guid":{"rendered":"https:\/\/fcmanrique.org\/2009\/10\/16\/la-fundacion-cesar-manrique-participa-en-el-homenaje-que-se-le-rinde-a-jose-saramago-en-portugal\/?lang=es"},"modified":"2022-09-14T10:40:18","modified_gmt":"2022-09-14T10:40:18","slug":"la-fundacion-cesar-manrique-participa-en-el-homenaje-que-se-le-rinde-a-jose-saramago-en-portugal","status":"publish","type":"post","link":"https:\/\/fcmanrique.org\/de\/la-fundacion-cesar-manrique-participa-en-el-homenaje-que-se-le-rinde-a-jose-saramago-en-portugal\/","title":{"rendered":"La Fundaci\u00f3n C\u00e9sar Manrique participa en el homenaje que se le rinde a Jos\u00e9 Saramago en Portugal"},"content":{"rendered":"<p><meta http-equiv=\"Content-Type\" content=\"text\/html; charset=utf-8\" \/><br \/>\n<meta name=\"ProgId\" content=\"Word.Document\" \/><br \/>\n<meta name=\"Generator\" content=\"Microsoft Word 10\" \/><br \/>\n<meta name=\"Originator\" content=\"Microsoft Word 10\" \/>\n<link rel=\"File-List\" href=\"file:\/\/\/C:%5CDOCUME%7E1%5CIdoya%5CCONFIG%7E1%5CTemp%5Cmsohtml1%5C01%5Cclip_filelist.xml\" \/><!--[if gte mso 9]><xml>\n \n  Normal\n  0\n  21\n  \n   \n   \n   \n   \n  \n  MicrosoftInternetExplorer4\n \n<\/xml><![endif]--><!--[if !mso]>\n\n\n<style>\nst1:*{behavior:url(#ieooui) }\n<\/style>\n\n\n<![endif]--><\/p>\n<style type=\"text\/css\">\n<!--\n \/* Style Definitions *\/\n p.MsoNormal, li.MsoNormal, div.MsoNormal\n\t{mso-style-parent:\"\";\n\tmargin:0cm;\n\t\n\tofont-size:12.0pt;\"Times New Roman\";\n\tmso-fareast-\"Times New Roman\";}\n@page Section1\n\t{size:612.0pt 792.0pt;\n\tmargin:70.85pt 3.0cm 70.85pt 3.0cm;}\ndiv.Section1\n\t{page:Section1;}\n-->\n<\/style>\n<p><!--[if gte mso 10]>\n\n\n<style>\n \/* Style Definitions *\/\n table.MsoNormalTable\n\t{mso-style-name:\"Tabla normal\";\n\tmso-style-parent:\"\";\n\t\"Times New Roman\";}\n<\/style>\n\n\n<![endif]--><span style=\"ofont-size: 10pt;\"><br \/>\n<meta http-equiv=\"Content-Type\" content=\"text\/html; charset=utf-8\" \/><br \/>\n<meta name=\"ProgId\" content=\"Word.Document\" \/><br \/>\n<meta name=\"Generator\" content=\"Microsoft Word 10\" \/><br \/>\n<meta name=\"Originator\" content=\"Microsoft Word 10\" \/>\n<link rel=\"File-List\" href=\"file:\/\/\/C:DOCUME~1IdoyaCONFIG~1Tempmsohtml1\ufffd1clip_filelist.xml\" \/><o:smarttagtype namespaceuri=\"urn:schemas-microsoft-com:office:smarttags\" name=\"metricconverter\"><\/o:smarttagtype><o:smarttagtype namespaceuri=\"urn:schemas-microsoft-com:office:smarttags\" name=\"PersonName\"><\/o:smarttagtype><!--[if gte mso 9]><xml>\n<w:WordDocument>\n<w:View>Normal<\/w:View>\n<w:Zoom>0<\/w:Zoom>\n<w:HyphenationZone>21<\/w:HyphenationZone>\n<w:Compatibility>\n<w:BreakWrappedTables \/>\n<w:SnapToGridInCell \/>\n<w:WrapTextWithPunct \/>\n<w:UseAsianBreakRules \/>\n<\/w:Compatibility>\n<w:BrowserLevel>MicrosoftInternetExplorer4<\/w:BrowserLevel>\n<\/w:WordDocument>\n<\/xml><![endif]--><!--[if !mso]><object \nclassid=\"clsid:38481807-CA0E-42D2-BF39-B33AF135CC4D\" id=ieooui><\/object>\n\n\n<style>\nst1:*{behavior:url(#ieooui) }\n<\/style>\n\n\n<![endif]--><\/p>\n<style type=\"text\/css\">\n<!--\n \/* Style Definitions *\/\n p.MsoNormal, li.MsoNormal, div.MsoNormal\n\t{mso-style-parent:\"\";\n\tmargin:0cm;\n\t\n\tmso-pagination:widow-orphan;\n\tofont-size:12.0pt;\n\tofont-family:\"Times New Roman\";\n\tmso-fareast-ofont-family:\"Times New Roman\";}\n@page Section1\n\t{size:612.0pt 792.0pt;\n\tmargin:70.85pt 3.0cm 70.85pt 3.0cm;\n\tmso-header-margin:36.0pt;\n\tmso-footer-margin:36.0pt;\n\tmso-paper-source:0;}\ndiv.Section1\n\t{page:Section1;}\n-->\n<\/style>\n<p><!--[if gte mso 10]>\n\n\n<style>\n\/* Style Definitions *\/\ntable.MsoNormalTable\n{mso-style-name:\"Tabla normal\";\nmso-tstyle-rowband-size:0;\nmso-tstyle-colband-size:0;\nmso-style-noshow:yes;\nmso-style-parent:\"\";\nmso-padding-alt:0cm 5.4pt 0cm 5.4pt;\nmso-para-margin:0cm;\nmso-para-\nmso-pagination:widow-orphan;\n\nofont-family:\"Times New Roman\";}\n<\/style>\n\n\n<![endif]--><\/p>\n<p class=\"MsoNormal\" style=\"text-align: justify;\"><span style=\"ofont-size: 10pt; ofont-family: Arial;\"><br \/>\n<meta http-equiv=\"Content-Type\" content=\"text\/html; charset=utf-8\" \/><br \/>\n<meta name=\"ProgId\" content=\"Word.Document\" \/><br \/>\n<meta name=\"Generator\" content=\"Microsoft Word 10\" \/><br \/>\n<meta name=\"Originator\" content=\"Microsoft Word 10\" \/>\n<link rel=\"File-List\" href=\"file:\/\/\/C:%5CDOCUME%7E1%5CIdoya%5CCONFIG%7E1%5CTemp%5Cmsohtml1%5C01%5Cclip_filelist.xml\" \/><!--[if gte mso 9]><xml>\n \n  Normal\n  0\n  21\n  \n   \n   \n   \n   \n  \n  MicrosoftInternetExplorer4\n \n<\/xml><![endif]--><!--[if !mso]>\n\n\n<style>\nst1:*{behavior:url(#ieooui) }\n<\/style>\n\n\n<![endif]--><\/p>\n<style type=\"text\/css\">\n<!--\n \/* Style Definitions *\/\n p.MsoNormal, li.MsoNormal, div.MsoNormal\n\t{mso-style-parent:\"\";\n\tmargin:0cm;\n\t\n\tofont-size:12.0pt;\"Times New Roman\";\n\tmso-fareast-\"Times New Roman\";}\n@page Section1\n\t{size:612.0pt 792.0pt;\n\tmargin:70.85pt 3.0cm 70.85pt 3.0cm;}\ndiv.Section1\n\t{page:Section1;}\n-->\n<\/style>\n<p><!--[if gte mso 10]>\n\n\n<style>\n \/* Style Definitions *\/\n table.MsoNormalTable\n\t{mso-style-name:\"Tabla normal\";\n\tmso-style-parent:\"\";\n\t\"Times New Roman\";}\n<\/style>\n\n\n<![endif]--><\/p>\n<p><span style=\"ofont-size: 10pt;\">El director de Actividades Fundacionales, Fernando G&oacute;mez Aguilera, pronunciar&aacute; una conferencia sobre el compromiso civil de Jos&eacute; Saramago, coincidiendo con el lanzamiento de <span style=\"ofont-style: italic;\">Ca&iacute;n<\/span>, el &uacute;ltimo libro del escritor.<\/span> <\/p>\n<p><span style=\"ofont-size: 10pt;\">Desde ayer d&iacute;a 15 hasta el domingo 18 de octubre, se desarrolla en Penafiel (Oporto) un gran homenaje a Jos&eacute; Saramago en el que participar&aacute; <\/span><span style=\"ofont-size: 10pt;\">la   Fundaci&oacute;n<\/span><span style=\"ofont-size: 10pt;\"> C&eacute;sar<\/span><span style=\"ofont-size: 10pt;\"> Manrique con la intervenci&oacute;n de su director de Actividades Fundacionales, Fernando G&oacute;mez Aguilera. Estar&aacute; presente el escritor, que participar&aacute; en la presentaci&oacute;n mundial de su &uacute;ltimo libro <em>Ca&iacute;n<\/em>.<\/span><\/p>\n<p><span style=\"ofont-size: 10pt;\">En el marco de &ldquo;Escritura en Penafiel <\/span><span style=\"ofont-size: 10pt;\">2009&rdquo;<\/span><span style=\"ofont-size: 10pt;\">, dedicado a homenajear al Premio Nobel portugu&eacute;s, se desarrollar&aacute;n actividades diversas que culminan los d&iacute;as 17 y 18 con la organizaci&oacute;n de dos jornadas de an&aacute;lisis de la obra de Saramago, en las que intervienen destacados especialistas, entre otros la novelista colombiana Laura Restrepo, el director de cine brasile&ntilde;o Fernando Meirelles, Carlos Reis, rector de <\/span><span style=\"ofont-size: 10pt;\">la Universidad Aberta<\/span><span style=\"ofont-size: 10pt;\"> de Lisboa, el poeta portugu&eacute;s Nuno J&uacute;dice y el fil&oacute;sofo Eduardo Louren&ccedil;o, Premio Cam&otilde;es.<\/span><\/p>\n<p><span style=\"ofont-size: 10pt;\">El director de <\/span><span style=\"ofont-size: 10pt;\">la Fundaci&oacute;n<\/span><span style=\"ofont-size: 10pt;\"> C&eacute;sar<\/span><span style=\"ofont-size: 10pt;\"> Manrique, ha sido invitado por la organizaci&oacute;n para intervenir el domingo por la tarde, en el Teatro da Rua, y ocuparse de analizar &ldquo;La intervenci&oacute;n p&uacute;blica de Saramago&rdquo;, en una conferencia en la que abordar&aacute; el compromiso pol&iacute;tico, social y literario del escritor afincado en Lanzarote. Plantear&aacute; un recorrido por la vida y por las ideas p&uacute;blicas m&aacute;s relevantes de Saramago, desde su conocida militancia en el Partido Comunista Portugu&eacute;s, a su activismo social comprometido con causas humanitarias, pol&iacute;ticas y sociales o a su influencia como creador de opini&oacute;n p&uacute;blica mundial.<\/span><\/p>\n<p><span style=\"ofont-size: 10pt;\">Tres horas m&aacute;s tarde se har&aacute; el lanzamiento de <em>Ca&iacute;n<\/em>, la &uacute;ltima obra del escritor que estar&aacute; presente en el acto junto a su editor portugu&eacute;s, Zeferino Coelho.&nbsp;&nbsp;&nbsp;&nbsp;&nbsp;&nbsp;&nbsp; <\/span><\/p>\n<p><span style=\"ofont-size: 10pt;\"><\/span><span style=\"ofont-size: 10pt;\">La   Fundaci&oacute;n<\/span><span style=\"ofont-size: 10pt;\"> C&eacute;sar<\/span><span style=\"ofont-size: 10pt;\"> Manrique produjo y organiz&oacute; la exposici&oacute;n m&aacute;s exhaustiva que hasta la actualidad se ha hecho del escritor. <em>Jos&eacute; Saramago. La consistencia de los sue&ntilde;os<\/em>, comisariada por G&oacute;mez Aguilera, realizaba un repaso por la vida, la obra y el compromiso del autor, y, en la misma, pod&iacute;an verse decenas de manuscritos y materiales originales, adem&aacute;s de abundantes soportes documentales. La muestra, inaugurada en Lanzarote por el ministro de Cultura, ha podido verse, adem&aacute;s, en Lisboa y S&atilde;o Paulo.<\/span><\/p>\n<p><\/span><\/p>\n<p><\/span><meta http-equiv=\"Content-Type\" content=\"text\/html; charset=utf-8\" \/><br \/>\n<meta name=\"ProgId\" content=\"Word.Document\" \/><br \/>\n<meta name=\"Generator\" content=\"Microsoft Word 10\" \/><br \/>\n<meta name=\"Originator\" content=\"Microsoft Word 10\" \/>\n<link rel=\"File-List\" href=\"file:\/\/\/C:%5CDOCUME%7E1%5CIdoya%5CCONFIG%7E1%5CTemp%5Cmsohtml1%5C01%5Cclip_filelist.xml\" \/><!--[if gte mso 9]><xml>\n \n  Normal\n  0\n  21\n  \n   \n   \n   \n   \n  \n  MicrosoftInternetExplorer4\n \n<\/xml><![endif]--><!--[if !mso]>\n\n\n<style>\nst1:*{behavior:url(#ieooui) }\n<\/style>\n\n\n<![endif]--><\/p>\n<style type=\"text\/css\">\n<!--\n \/* Style Definitions *\/\n p.MsoNormal, li.MsoNormal, div.MsoNormal\n\t{mso-style-parent:\"\";\n\tmargin:0cm;\n\t\n\tofont-size:12.0pt;\"Times New Roman\";\n\tmso-fareast-\"Times New Roman\";}\n@page Section1\n\t{size:612.0pt 792.0pt;\n\tmargin:70.85pt 3.0cm 70.85pt 3.0cm;}\ndiv.Section1\n\t{page:Section1;}\n-->\n<\/style>\n<p><!--[if gte mso 10]>\n\n\n<style>\n \/* Style Definitions *\/\n table.MsoNormalTable\n\t{mso-style-name:\"Tabla normal\";\n\tmso-style-parent:\"\";\n\t\"Times New Roman\";}\n<\/style>\n\n\n<![endif]--><span style=\"ofont-size: 10pt;\"><br \/>\n<meta http-equiv=\"Content-Type\" content=\"text\/html; charset=utf-8\" \/><br \/>\n<meta name=\"ProgId\" content=\"Word.Document\" \/><br \/>\n<meta name=\"Generator\" content=\"Microsoft Word 10\" \/><br \/>\n<meta name=\"Originator\" content=\"Microsoft Word 10\" \/>\n<link rel=\"File-List\" href=\"file:\/\/\/C:DOCUME~1IdoyaCONFIG~1Tempmsohtml1\ufffd1clip_filelist.xml\" \/><o:smarttagtype namespaceuri=\"urn:schemas-microsoft-com:office:smarttags\" name=\"metricconverter\"><\/o:smarttagtype><o:smarttagtype namespaceuri=\"urn:schemas-microsoft-com:office:smarttags\" name=\"PersonName\"><\/o:smarttagtype><!--[if gte mso 9]><xml>\n<w:WordDocument>\n<w:View>Normal<\/w:View>\n<w:Zoom>0<\/w:Zoom>\n<w:HyphenationZone>21<\/w:HyphenationZone>\n<w:Compatibility>\n<w:BreakWrappedTables \/>\n<w:SnapToGridInCell \/>\n<w:WrapTextWithPunct \/>\n<w:UseAsianBreakRules \/>\n<\/w:Compatibility>\n<w:BrowserLevel>MicrosoftInternetExplorer4<\/w:BrowserLevel>\n<\/w:WordDocument>\n<\/xml><![endif]--><!--[if !mso]><object \nclassid=\"clsid:38481807-CA0E-42D2-BF39-B33AF135CC4D\" id=ieooui><\/object>\n\n\n<style>\nst1:*{behavior:url(#ieooui) }\n<\/style>\n\n\n<![endif]--><\/p>\n<style type=\"text\/css\">\n<!--\n \/* Style Definitions *\/\n p.MsoNormal, li.MsoNormal, div.MsoNormal\n\t{mso-style-parent:\"\";\n\tmargin:0cm;\n\t\n\tmso-pagination:widow-orphan;\n\tofont-size:12.0pt;\n\tofont-family:\"Times New Roman\";\n\tmso-fareast-ofont-family:\"Times New Roman\";}\n@page Section1\n\t{size:612.0pt 792.0pt;\n\tmargin:70.85pt 3.0cm 70.85pt 3.0cm;\n\tmso-header-margin:36.0pt;\n\tmso-footer-margin:36.0pt;\n\tmso-paper-source:0;}\ndiv.Section1\n\t{page:Section1;}\n-->\n<\/style>\n<p><!--[if gte mso 10]>\n\n\n<style>\n\/* Style Definitions *\/\ntable.MsoNormalTable\n{mso-style-name:\"Tabla normal\";\nmso-tstyle-rowband-size:0;\nmso-tstyle-colband-size:0;\nmso-style-noshow:yes;\nmso-style-parent:\"\";\nmso-padding-alt:0cm 5.4pt 0cm 5.4pt;\nmso-para-margin:0cm;\nmso-para-\nmso-pagination:widow-orphan;\n\nofont-family:\"Times New Roman\";}\n<\/style>\n\n\n<![endif]--><\/p>\n<p class=\"MsoNormal\" style=\"text-align: justify;\"><span style=\"ofont-size: 10pt; ofont-family: Arial;\"><br \/>\n<meta http-equiv=\"Content-Type\" content=\"text\/html; charset=utf-8\" \/><br \/>\n<meta name=\"ProgId\" content=\"Word.Document\" \/><br \/>\n<meta name=\"Generator\" content=\"Microsoft Word 10\" \/><br \/>\n<meta name=\"Originator\" content=\"Microsoft Word 10\" \/>\n<link rel=\"File-List\" href=\"file:\/\/\/C:%5CDOCUME%7E1%5CIdoya%5CCONFIG%7E1%5CTemp%5Cmsohtml1%5C01%5Cclip_filelist.xml\" \/><!--[if gte mso 9]><xml>\n \n  Normal\n  0\n  21\n  \n   \n   \n   \n   \n  \n  MicrosoftInternetExplorer4\n \n<\/xml><![endif]--><!--[if !mso]>\n\n\n<style>\nst1:*{behavior:url(#ieooui) }\n<\/style>\n\n\n<![endif]--><\/p>\n<style type=\"text\/css\">\n<!--\n \/* Style Definitions *\/\n p.MsoNormal, li.MsoNormal, div.MsoNormal\n\t{mso-style-parent:\"\";\n\tmargin:0cm;\n\t\n\tofont-size:12.0pt;\"Times New Roman\";\n\tmso-fareast-\"Times New Roman\";}\n@page Section1\n\t{size:612.0pt 792.0pt;\n\tmargin:70.85pt 3.0cm 70.85pt 3.0cm;}\ndiv.Section1\n\t{page:Section1;}\n-->\n<\/style>\n<p><!--[if gte mso 10]>\n\n\n<style>\n \/* Style Definitions *\/\n table.MsoNormalTable\n\t{mso-style-name:\"Tabla normal\";\n\tmso-style-parent:\"\";\n\t\"Times New Roman\";}\n<\/style>\n\n\n<![endif]--><\/p>\n<p><span style=\"ofont-size: 10pt;\">El director de Actividades Fundacionales, Fernando G&oacute;mez Aguilera, pronunciar&aacute; una conferencia sobre el compromiso civil de Jos&eacute; Saramago, coincidiendo con el lanzamiento de <span style=\"ofont-style: italic;\">Ca&iacute;n<\/span>, el &uacute;ltimo libro del escritor.<\/span> <\/p>\n<p><span style=\"ofont-size: 10pt;\">Desde ayer d&iacute;a 15 hasta el domingo 18 de octubre, se desarrolla en Penafiel (Oporto) un gran homenaje a Jos&eacute; Saramago en el que participar&aacute; <\/span><span style=\"ofont-size: 10pt;\">la   Fundaci&oacute;n<\/span><span style=\"ofont-size: 10pt;\"> C&eacute;sar<\/span><span style=\"ofont-size: 10pt;\"> Manrique con la intervenci&oacute;n de su director de Actividades Fundacionales, Fernando G&oacute;mez Aguilera. Estar&aacute; presente el escritor, que participar&aacute; en la presentaci&oacute;n mundial de su &uacute;ltimo libro <em>Ca&iacute;n<\/em>.<\/span><\/p>\n<p><span style=\"ofont-size: 10pt;\">En el marco de &ldquo;Escritura en Penafiel <\/span><span style=\"ofont-size: 10pt;\">2009&rdquo;<\/span><span style=\"ofont-size: 10pt;\">, dedicado a homenajear al Premio Nobel portugu&eacute;s, se desarrollar&aacute;n actividades diversas que culminan los d&iacute;as 17 y 18 con la organizaci&oacute;n de dos jornadas de an&aacute;lisis de la obra de Saramago, en las que intervienen destacados especialistas, entre otros la novelista colombiana Laura Restrepo, el director de cine brasile&ntilde;o Fernando Meirelles, Carlos Reis, rector de <\/span><span style=\"ofont-size: 10pt;\">la Universidad Aberta<\/span><span style=\"ofont-size: 10pt;\"> de Lisboa, el poeta portugu&eacute;s Nuno J&uacute;dice y el fil&oacute;sofo Eduardo Louren&ccedil;o, Premio Cam&otilde;es.<\/span><\/p>\n<p><span style=\"ofont-size: 10pt;\">El director de <\/span><span style=\"ofont-size: 10pt;\">la Fundaci&oacute;n<\/span><span style=\"ofont-size: 10pt;\"> C&eacute;sar<\/span><span style=\"ofont-size: 10pt;\"> Manrique, ha sido invitado por la organizaci&oacute;n para intervenir el domingo por la tarde, en el Teatro da Rua, y ocuparse de analizar &ldquo;La intervenci&oacute;n p&uacute;blica de Saramago&rdquo;, en una conferencia en la que abordar&aacute; el compromiso pol&iacute;tico, social y literario del escritor afincado en Lanzarote. Plantear&aacute; un recorrido por la vida y por las ideas p&uacute;blicas m&aacute;s relevantes de Saramago, desde su conocida militancia en el Partido Comunista Portugu&eacute;s, a su activismo social comprometido con causas humanitarias, pol&iacute;ticas y sociales o a su influencia como creador de opini&oacute;n p&uacute;blica mundial.<\/span><\/p>\n<p><span style=\"ofont-size: 10pt;\">Tres horas m&aacute;s tarde se har&aacute; el lanzamiento de <em>Ca&iacute;n<\/em>, la &uacute;ltima obra del escritor que estar&aacute; presente en el acto junto a su editor portugu&eacute;s, Zeferino Coelho.&nbsp;&nbsp;&nbsp;&nbsp;&nbsp;&nbsp;&nbsp; <\/span><\/p>\n<p><span style=\"ofont-size: 10pt;\"><\/span><span style=\"ofont-size: 10pt;\">La   Fundaci&oacute;n<\/span><span style=\"ofont-size: 10pt;\"> C&eacute;sar<\/span><span style=\"ofont-size: 10pt;\"> Manrique produjo y organiz&oacute; la exposici&oacute;n m&aacute;s exhaustiva que hasta la actualidad se ha hecho del escritor. <em>Jos&eacute; Saramago. La consistencia de los sue&ntilde;os<\/em>, comisariada por G&oacute;mez Aguilera, realizaba un repaso por la vida, la obra y el compromiso del autor, y, en la misma, pod&iacute;an verse decenas de manuscritos y materiales originales, adem&aacute;s de abundantes soportes documentales. La muestra, inaugurada en Lanzarote por el ministro de Cultura, ha podido verse, adem&aacute;s, en Lisboa y S&atilde;o Paulo.<\/span><\/p>\n<p><\/span><\/p>\n<p><\/span><\/p>","protected":false},"excerpt":{"rendered":"<p><meta http-equiv=\"Content-Type\" content=\"text\/html; charset=utf-8\" \/><br \/>\n<meta name=\"ProgId\" content=\"Word.Document\" \/><br \/>\n<meta name=\"Generator\" content=\"Microsoft Word 10\" \/><br \/>\n<meta name=\"Originator\" content=\"Microsoft Word 10\" \/>\n<link rel=\"File-List\" href=\"file:\/\/\/C:%5CDOCUME%7E1%5CIdoya%5CCONFIG%7E1%5CTemp%5Cmsohtml1%5C01%5Cclip_filelist.xml\" \/><!--[if gte mso 9]><xml>\n \n  Normal\n  0\n  21\n  \n   \n   \n   \n   \n  \n  MicrosoftInternetExplorer4\n \n<\/xml><![endif]--><\/p>\n<style type=\"text\/css\">\n<!--\n \/* Style Definitions *\/\n p.MsoNormal, li.MsoNormal, div.MsoNormal\n\t{mso-style-parent:\"\";\n\tmargin:0cm;\n\t\n\tofont-size:12.0pt;\"Times New Roman\";\n\tmso-fareast-\"Times New Roman\";}\n@page Section1\n\t{size:612.0pt 792.0pt;\n\tmargin:70.85pt 3.0cm 70.85pt 3.0cm;}\ndiv.Section1\n\t{page:Section1;}\n-->\n<\/style>\n<p><!--[if gte mso 10]>\n\n\n<style>\n \/* Style Definitions *\/\n table.MsoNormalTable\n\t{mso-style-name:\"Tabla normal\";\n\tmso-style-parent:\"\";\n\t\"Times New Roman\";}\n<\/style>\n\n\n<![endif]--><span style=\"ofont-size: 10pt;\"><br \/>\n<meta http-equiv=\"Content-Type\" content=\"text\/html; charset=utf-8\" \/><br \/>\n<meta name=\"ProgId\" content=\"Word.Document\" \/><br \/>\n<meta name=\"Generator\" content=\"Microsoft Word 10\" \/><br \/>\n<meta name=\"Originator\" content=\"Microsoft Word 10\" \/>\n<link rel=\"File-List\" href=\"file:\/\/\/C:%5CDOCUME%7E1%5CIdoya%5CCONFIG%7E1%5CTemp%5Cmsohtml1%5C01%5Cclip_filelist.xml\" \/><!--[if gte mso 9]><xml>\n \n  Normal\n  0\n  21\n  \n   \n   \n   \n   \n  \n  MicrosoftInternetExplorer4\n \n<\/xml><![endif]--><\/p>\n<style type=\"text\/css\">\n<!--\n \/* Style Definitions *\/\n p.MsoNormal, li.MsoNormal, div.MsoNormal\n\t{mso-style-parent:\"\";\n\tmargin:0cm;\n\t\n\tofont-size:12.0pt;\"Times New Roman\";\n\tmso-fareast-\"Times New Roman\";}\n@page Section1\n\t{size:612.0pt 792.0pt;\n\tmargin:70.85pt 3.0cm 70.85pt 3.0cm;}\ndiv.Section1\n\t{page:Section1;}\n-->\n<\/style>\n<p><!--[if gte mso 10]>\n\n\n<style>\n \/* Style Definitions *\/\n table.MsoNormalTable\n\t{mso-style-name:\"Tabla normal\";\n\tmso-style-parent:\"\";\n\t\"Times New Roman\";}\n<\/style>\n\n\n<![endif]--><span style=\"ofont-size: 10pt;\">Coincidiendo con el lanzamiento del &uacute;ltimo libro de Saramago titulado <em>Ca&iacute;n<\/em>, Fernando G&oacute;mez Aguilera, director de Actividades Fundacionales, pronunciar&aacute; una conferencia sobre el compromiso civil del escritor.<\/span><\/span><\/p>\n","protected":false},"author":1,"featured_media":3928,"comment_status":"closed","ping_status":"closed","sticky":false,"template":"","format":"standard","meta":{"_acf_changed":false,"ngg_post_thumbnail":0,"footnotes":""},"categories":[3,77,4],"tags":[],"class_list":["post-3926","post","type-post","status-publish","format-standard","has-post-thumbnail","hentry","category-sitio-antiguo","category-prensa","category-expirados"],"acf":[],"_links":{"self":[{"href":"https:\/\/fcmanrique.org\/de\/wp-json\/wp\/v2\/posts\/3926","targetHints":{"allow":["GET"]}}],"collection":[{"href":"https:\/\/fcmanrique.org\/de\/wp-json\/wp\/v2\/posts"}],"about":[{"href":"https:\/\/fcmanrique.org\/de\/wp-json\/wp\/v2\/types\/post"}],"author":[{"embeddable":true,"href":"https:\/\/fcmanrique.org\/de\/wp-json\/wp\/v2\/users\/1"}],"replies":[{"embeddable":true,"href":"https:\/\/fcmanrique.org\/de\/wp-json\/wp\/v2\/comments?post=3926"}],"version-history":[{"count":5,"href":"https:\/\/fcmanrique.org\/de\/wp-json\/wp\/v2\/posts\/3926\/revisions"}],"predecessor-version":[{"id":22873,"href":"https:\/\/fcmanrique.org\/de\/wp-json\/wp\/v2\/posts\/3926\/revisions\/22873"}],"wp:featuredmedia":[{"embeddable":true,"href":"https:\/\/fcmanrique.org\/de\/wp-json\/wp\/v2\/media\/3928"}],"wp:attachment":[{"href":"https:\/\/fcmanrique.org\/de\/wp-json\/wp\/v2\/media?parent=3926"}],"wp:term":[{"taxonomy":"category","embeddable":true,"href":"https:\/\/fcmanrique.org\/de\/wp-json\/wp\/v2\/categories?post=3926"},{"taxonomy":"post_tag","embeddable":true,"href":"https:\/\/fcmanrique.org\/de\/wp-json\/wp\/v2\/tags?post=3926"}],"curies":[{"name":"wp","href":"https:\/\/api.w.org\/{rel}","templated":true}]}}