{"id":20814,"date":"2019-06-28T13:19:21","date_gmt":"2019-06-28T13:19:21","guid":{"rendered":"https:\/\/fcmanrique.org\/?p=20814"},"modified":"2020-07-31T07:22:45","modified_gmt":"2020-07-31T07:22:45","slug":"concurso-de-fotografia-sobre-la-obra-publica-de-manrique","status":"publish","type":"post","link":"https:\/\/fcmanrique.org\/en\/concurso-de-fotografia-sobre-la-obra-publica-de-manrique\/","title":{"rendered":"Concurso de fotograf\u00eda sobre la obra p\u00fablica de Manrique"},"content":{"rendered":"<p class=\"qtranxs-available-languages-message qtranxs-available-languages-message-en\">Sorry, this entry is only available in <a href=\"https:\/\/fcmanrique.org\/es\/wp-json\/wp\/v2\/posts\/20814\" class=\"qtranxs-available-language-link qtranxs-available-language-link-es\" title=\"ES\">ES<\/a>.<\/p><p>La Fundaci\u00f3n C\u00e9sar Manrique (FCM) convoca un concurso de fotograf\u00eda con el objetivo de difundir y profundizar en el conocimiento de la obra p\u00fablica de C\u00e9sar Manrique, coincidiendo con el a\u00f1o del centenario de su nacimiento.<\/p>\n<p><a href=\"https:\/\/fcmanrique.org\/wp-content\/uploads\/fc-manrique-convocatoria-concurso-fotografia.pdf\">Informaci\u00f3n sobre la Convocatoria de Concurso de fotograf\u00eda sobre la obra p\u00fablica de Manrique<\/a><\/p>\n<p><a href=\"https:\/\/fcmanrique.org\/wp-content\/uploads\/fc-manrique-concurso-fotografia.pdf\">M\u00e1s informaci\u00f3n sobre el concurso<\/a><\/p>\n<p>&nbsp;<\/p>","protected":false},"excerpt":{"rendered":"<p>Sorry, this entry is only available in ES.La Fundaci\u00f3n C\u00e9sar Manrique (FCM) convoca un concurso de fotograf\u00eda con el objetivo de difundir y profundizar en el conocimiento de la obra p\u00fablica de C\u00e9sar Manrique, coincidiendo con el a\u00f1o del centenario de su nacimiento. Informaci\u00f3n sobre la Convocatoria de Concurso de fotograf\u00eda sobre la obra p\u00fablica&#8230; <a href=\"https:\/\/fcmanrique.org\/en\/concurso-de-fotografia-sobre-la-obra-publica-de-manrique\/\" class=\"readmore\">Contin\u00faa leyendo \u2192<\/a><\/p>\n","protected":false},"author":2,"featured_media":0,"comment_status":"closed","ping_status":"open","sticky":false,"template":"","format":"standard","meta":{"_acf_changed":false,"ngg_post_thumbnail":0,"footnotes":""},"categories":[77],"tags":[],"class_list":["post-20814","post","type-post","status-publish","format-standard","hentry","category-prensa"],"acf":[],"_links":{"self":[{"href":"https:\/\/fcmanrique.org\/en\/wp-json\/wp\/v2\/posts\/20814","targetHints":{"allow":["GET"]}}],"collection":[{"href":"https:\/\/fcmanrique.org\/en\/wp-json\/wp\/v2\/posts"}],"about":[{"href":"https:\/\/fcmanrique.org\/en\/wp-json\/wp\/v2\/types\/post"}],"author":[{"embeddable":true,"href":"https:\/\/fcmanrique.org\/en\/wp-json\/wp\/v2\/users\/2"}],"replies":[{"embeddable":true,"href":"https:\/\/fcmanrique.org\/en\/wp-json\/wp\/v2\/comments?post=20814"}],"version-history":[{"count":2,"href":"https:\/\/fcmanrique.org\/en\/wp-json\/wp\/v2\/posts\/20814\/revisions"}],"predecessor-version":[{"id":20817,"href":"https:\/\/fcmanrique.org\/en\/wp-json\/wp\/v2\/posts\/20814\/revisions\/20817"}],"wp:attachment":[{"href":"https:\/\/fcmanrique.org\/en\/wp-json\/wp\/v2\/media?parent=20814"}],"wp:term":[{"taxonomy":"category","embeddable":true,"href":"https:\/\/fcmanrique.org\/en\/wp-json\/wp\/v2\/categories?post=20814"},{"taxonomy":"post_tag","embeddable":true,"href":"https:\/\/fcmanrique.org\/en\/wp-json\/wp\/v2\/tags?post=20814"}],"curies":[{"name":"wp","href":"https:\/\/api.w.org\/{rel}","templated":true}]}}