{"id":20584,"date":"2019-06-11T11:51:40","date_gmt":"2019-06-11T11:51:40","guid":{"rendered":"https:\/\/fcmanrique.org\/?p=20584"},"modified":"2019-10-07T12:03:02","modified_gmt":"2019-10-07T12:03:02","slug":"conferencia-carme-pinos","status":"publish","type":"post","link":"https:\/\/fcmanrique.org\/it\/conferencia-carme-pinos\/","title":{"rendered":"Conferencia Carme Pin\u00f3s"},"content":{"rendered":"<p class=\"qtranxs-available-languages-message qtranxs-available-languages-message-it\">Ci spiace, ma questo articolo \u00e8 disponibile soltanto in <a href=\"https:\/\/fcmanrique.org\/es\/wp-json\/wp\/v2\/posts\/20584\" class=\"qtranxs-available-language-link qtranxs-available-language-link-es\" title=\"ES\">ES<\/a>.<\/p><p>El lunes 17 de junio, a las 19 horas, en la Sala Jos\u00e9 Saramago en La Plazuela (Arrecife), Carme Pin\u00f3s imparte la conferencia titulada \u201cTejiendo la ciudad\u201d. La intervenci\u00f3n se incluye en el ciclo de conferencias <em>C\u00e9sar Manrique y sus contextos.<\/em><\/p>\n<p><a href=\"https:\/\/fcmanrique.org\/wp-content\/uploads\/fc-manrique-conferencia-carme-pinos.pdf\">M\u00e1s informaci\u00f3n sobre la conferencia de Carme Pin\u00f3s<\/a><\/p>\n<p>Cr\u00f3nica de la actividad:&nbsp;<a href=\"https:\/\/fcmanrique.org\/fcm-c-acti-celebrada\/carme-pinos\/?lang=es\">https:\/\/fcmanrique.org\/fcm-c-acti-celebrada\/carme-pinos\/?lang=es<\/a><\/p>\n<p>&nbsp;<\/p>\n<p><a href=\"https:\/\/fcmanrique.org\/wp-content\/uploads\/fc-manrique-carme-pinos-ciudad.jpg\"><img loading=\"lazy\" decoding=\"async\" class=\"alignnone size-full wp-image-19582\" src=\"https:\/\/fcmanrique.org\/wp-content\/uploads\/fc-manrique-carme-pinos-ciudad.jpg\" alt=\"\" width=\"1200\" height=\"1200\" srcset=\"https:\/\/fcmanrique.org\/wp-content\/uploads\/fc-manrique-carme-pinos-ciudad.jpg 1200w, https:\/\/fcmanrique.org\/wp-content\/uploads\/fc-manrique-carme-pinos-ciudad-150x150.jpg 150w, https:\/\/fcmanrique.org\/wp-content\/uploads\/fc-manrique-carme-pinos-ciudad-300x300.jpg 300w, https:\/\/fcmanrique.org\/wp-content\/uploads\/fc-manrique-carme-pinos-ciudad-768x768.jpg 768w, https:\/\/fcmanrique.org\/wp-content\/uploads\/fc-manrique-carme-pinos-ciudad-1024x1024.jpg 1024w, https:\/\/fcmanrique.org\/wp-content\/uploads\/fc-manrique-carme-pinos-ciudad-246x246.jpg 246w\" sizes=\"auto, (max-width: 1200px) 100vw, 1200px\" \/><\/a><\/p>","protected":false},"excerpt":{"rendered":"<p>Ci spiace, ma questo articolo \u00e8 disponibile soltanto in ES.El lunes 17 de junio, a las 19 horas, en la Sala Jos\u00e9 Saramago en La Plazuela (Arrecife), Carme Pin\u00f3s imparte la conferencia titulada \u201cTejiendo la ciudad\u201d. La intervenci\u00f3n se incluye en el ciclo de conferencias C\u00e9sar Manrique y sus contextos. M\u00e1s informaci\u00f3n sobre la conferencia&#8230; <a href=\"https:\/\/fcmanrique.org\/it\/conferencia-carme-pinos\/\" class=\"readmore\">Contin\u00faa leyendo \u2192<\/a><\/p>\n","protected":false},"author":2,"featured_media":0,"comment_status":"closed","ping_status":"open","sticky":false,"template":"","format":"standard","meta":{"_acf_changed":false,"ngg_post_thumbnail":0,"footnotes":""},"categories":[77],"tags":[],"class_list":["post-20584","post","type-post","status-publish","format-standard","hentry","category-prensa"],"acf":[],"_links":{"self":[{"href":"https:\/\/fcmanrique.org\/it\/wp-json\/wp\/v2\/posts\/20584","targetHints":{"allow":["GET"]}}],"collection":[{"href":"https:\/\/fcmanrique.org\/it\/wp-json\/wp\/v2\/posts"}],"about":[{"href":"https:\/\/fcmanrique.org\/it\/wp-json\/wp\/v2\/types\/post"}],"author":[{"embeddable":true,"href":"https:\/\/fcmanrique.org\/it\/wp-json\/wp\/v2\/users\/2"}],"replies":[{"embeddable":true,"href":"https:\/\/fcmanrique.org\/it\/wp-json\/wp\/v2\/comments?post=20584"}],"version-history":[{"count":1,"href":"https:\/\/fcmanrique.org\/it\/wp-json\/wp\/v2\/posts\/20584\/revisions"}],"predecessor-version":[{"id":20587,"href":"https:\/\/fcmanrique.org\/it\/wp-json\/wp\/v2\/posts\/20584\/revisions\/20587"}],"wp:attachment":[{"href":"https:\/\/fcmanrique.org\/it\/wp-json\/wp\/v2\/media?parent=20584"}],"wp:term":[{"taxonomy":"category","embeddable":true,"href":"https:\/\/fcmanrique.org\/it\/wp-json\/wp\/v2\/categories?post=20584"},{"taxonomy":"post_tag","embeddable":true,"href":"https:\/\/fcmanrique.org\/it\/wp-json\/wp\/v2\/tags?post=20584"}],"curies":[{"name":"wp","href":"https:\/\/api.w.org\/{rel}","templated":true}]}}