{"id":27584,"date":"2025-04-30T09:36:21","date_gmt":"2025-04-30T09:36:21","guid":{"rendered":"https:\/\/fcmanrique.org\/?p=27584"},"modified":"2026-04-30T11:11:26","modified_gmt":"2026-04-30T11:11:26","slug":"margarita-del-val-estamos-mas-preparados-para-proximas-pandemias-2-2-2","status":"publish","type":"post","link":"https:\/\/fcmanrique.org\/it\/margarita-del-val-estamos-mas-preparados-para-proximas-pandemias-2-2-2\/","title":{"rendered":"Luis Antonio de Villena: \u00abUn nuevo paganismo\u00bb"},"content":{"rendered":"<p class=\"qtranxs-available-languages-message qtranxs-available-languages-message-it\">Ci spiace, ma questo articolo \u00e8 disponibile soltanto in <a href=\"https:\/\/fcmanrique.org\/es\/wp-json\/wp\/v2\/posts\/27584\" class=\"qtranxs-available-language-link qtranxs-available-language-link-es\" title=\"ES\">ES<\/a>.<\/p><p><strong>El autor y su obra<\/strong><\/p>\n\n\n\n<p>FECHA: <strong>7 de mayo<\/strong><\/p>\n\n\n\n<p>HORA:<strong>&nbsp;19:30 horas<\/strong><\/p>\n\n\n\n<p>LUGAR DE CELEBRACI\u00d3N:&nbsp;<strong>Sala Jos\u00e9 Saramago (La Plazuela-Arrecife)<\/strong><\/p>\n\n\n\n<p>INTERVIENE: <strong>Luis Antonio de Villena<\/strong><\/p>\n\n\n\n<p>&#8211;<\/p>\n\n\n\n<p><strong>M\u00e1s informaci\u00f3n:<\/strong>&nbsp;Nota de prensa pr\u00f3ximamente disponible<\/p>\n\n\n\n<p><strong>Acceso a la emisi\u00f3n en directo<\/strong>:&nbsp;Streaming de la conferencia pr\u00f3ximamente disponible<\/p>\n\n\n\n<p><strong>Entrada libre. Aforo limitado<\/strong><\/p>\n\n\n\n<figure class=\"wp-block-image size-large\"><a href=\"https:\/\/fcmanrique.org\/wp-content\/uploads\/el-autor-y-su-obra_luis_antonio_de_villena_invitacion.jpg\"><img loading=\"lazy\" decoding=\"async\" width=\"1024\" height=\"1024\" src=\"https:\/\/fcmanrique.org\/wp-content\/uploads\/el-autor-y-su-obra_luis_antonio_de_villena_invitacion-1024x1024.jpg\" alt=\"\" class=\"wp-image-27725\" srcset=\"https:\/\/fcmanrique.org\/wp-content\/uploads\/el-autor-y-su-obra_luis_antonio_de_villena_invitacion-1024x1024.jpg 1024w, https:\/\/fcmanrique.org\/wp-content\/uploads\/el-autor-y-su-obra_luis_antonio_de_villena_invitacion-300x300.jpg 300w, https:\/\/fcmanrique.org\/wp-content\/uploads\/el-autor-y-su-obra_luis_antonio_de_villena_invitacion-150x150.jpg 150w, https:\/\/fcmanrique.org\/wp-content\/uploads\/el-autor-y-su-obra_luis_antonio_de_villena_invitacion-768x768.jpg 768w, https:\/\/fcmanrique.org\/wp-content\/uploads\/el-autor-y-su-obra_luis_antonio_de_villena_invitacion-246x246.jpg 246w, https:\/\/fcmanrique.org\/wp-content\/uploads\/el-autor-y-su-obra_luis_antonio_de_villena_invitacion.jpg 1200w\" sizes=\"auto, (max-width: 1024px) 100vw, 1024px\" \/><\/a><\/figure>\n\n\n\n<p><\/p>","protected":false},"excerpt":{"rendered":"<p>Ci spiace, ma questo articolo \u00e8 disponibile soltanto in ES. El autor y su obra FECHA: 7 de mayo HORA:&nbsp;19:30 horas LUGAR DE CELEBRACI\u00d3N:&nbsp;Sala Jos\u00e9 Saramago (La Plazuela-Arrecife) INTERVIENE: Luis Antonio de Villena &#8211; M\u00e1s informaci\u00f3n:&nbsp;Nota de prensa pr\u00f3ximamente disponible Acceso a la emisi\u00f3n en directo:&nbsp;Streaming de la conferencia pr\u00f3ximamente disponible Entrada libre. Aforo limitado<\/p>\n","protected":false},"author":9,"featured_media":27727,"comment_status":"closed","ping_status":"open","sticky":false,"template":"","format":"standard","meta":{"_acf_changed":false,"ngg_post_thumbnail":0,"footnotes":""},"categories":[2],"tags":[],"class_list":["post-27584","post","type-post","status-publish","format-standard","has-post-thumbnail","hentry","category-actividades"],"acf":[],"_links":{"self":[{"href":"https:\/\/fcmanrique.org\/it\/wp-json\/wp\/v2\/posts\/27584","targetHints":{"allow":["GET"]}}],"collection":[{"href":"https:\/\/fcmanrique.org\/it\/wp-json\/wp\/v2\/posts"}],"about":[{"href":"https:\/\/fcmanrique.org\/it\/wp-json\/wp\/v2\/types\/post"}],"author":[{"embeddable":true,"href":"https:\/\/fcmanrique.org\/it\/wp-json\/wp\/v2\/users\/9"}],"replies":[{"embeddable":true,"href":"https:\/\/fcmanrique.org\/it\/wp-json\/wp\/v2\/comments?post=27584"}],"version-history":[{"count":4,"href":"https:\/\/fcmanrique.org\/it\/wp-json\/wp\/v2\/posts\/27584\/revisions"}],"predecessor-version":[{"id":27729,"href":"https:\/\/fcmanrique.org\/it\/wp-json\/wp\/v2\/posts\/27584\/revisions\/27729"}],"wp:featuredmedia":[{"embeddable":true,"href":"https:\/\/fcmanrique.org\/it\/wp-json\/wp\/v2\/media\/27727"}],"wp:attachment":[{"href":"https:\/\/fcmanrique.org\/it\/wp-json\/wp\/v2\/media?parent=27584"}],"wp:term":[{"taxonomy":"category","embeddable":true,"href":"https:\/\/fcmanrique.org\/it\/wp-json\/wp\/v2\/categories?post=27584"},{"taxonomy":"post_tag","embeddable":true,"href":"https:\/\/fcmanrique.org\/it\/wp-json\/wp\/v2\/tags?post=27584"}],"curies":[{"name":"wp","href":"https:\/\/api.w.org\/{rel}","templated":true}]}}