{"id":3999,"date":"2009-03-02T00:00:00","date_gmt":"2009-03-02T00:00:00","guid":{"rendered":"https:\/\/fcmanrique.org\/2009\/03\/02\/19-de-marzo-conferencia-de-victor-gomez-pin-contra-la-barbarie-la-filosofia-educadora-de-la-humanidad\/?lang=es"},"modified":"2022-09-13T12:26:28","modified_gmt":"2022-09-13T12:26:28","slug":"19-de-marzo-conferencia-de-victor-gomez-pin-contra-la-barbarie-la-filosofia-educadora-de-la-humanidad","status":"publish","type":"post","link":"https:\/\/fcmanrique.org\/it\/19-de-marzo-conferencia-de-victor-gomez-pin-contra-la-barbarie-la-filosofia-educadora-de-la-humanidad\/","title":{"rendered":"19 de marzo. Conferencia de V\u00edctor G\u00f3mez Pin. <em>Contra la barbarie: la filosof\u00eda educadora de la humanidad<\/em>"},"content":{"rendered":"<p><meta content=\"text\/html; charset=utf-8\" http-equiv=\"Content-Type\" \/><br \/>\n<meta content=\"Word.Document\" name=\"ProgId\" \/><br \/>\n<meta content=\"Microsoft Word 10\" name=\"Generator\" \/><br \/>\n<meta content=\"Microsoft Word 10\" name=\"Originator\" \/>\n<link href=\"file:\/\/\/C:%5CDOCUME%7E1%5CADMINI%7E1%5CCONFIG%7E1%5CTemp%5Cmsohtml1%5C01%5Cclip_filelist.xml\" rel=\"File-List\" \/><!--[if gte mso 9]><xml>\n \n  Normal\n  0\n  21\n  \n   \n   \n   \n   \n  \n  MicrosoftInternetExplorer4\n \n<\/xml><![endif]--><!--[if !mso]>\n\n\n<style>\nst1:*{behavior:url(#ieooui) }\n<\/style>\n\n\n<![endif]--><\/p>\n<style type=\"text\/css\">\n<!--\n \/* Style Definitions *\/\n p.MsoNormal, li.MsoNormal, div.MsoNormal\n\t{mso-style-parent:\"\";\n\tmargin:0cm;\n\t\n\tofont-size:12.0pt;\"Times New Roman\";\n\tmso-fareast-\"Times New Roman\";}\n@page Section1\n\t{size:612.0pt 792.0pt;\n\tmargin:70.85pt 3.0cm 70.85pt 3.0cm;}\ndiv.Section1\n\t{page:Section1;}\n-->\n<\/style>\n<p><!--[if gte mso 10]>\n\n\n<style>\n \/* Style Definitions *\/\n table.MsoNormalTable\n\t{mso-style-name:\"Tabla normal\";\n\tmso-style-parent:\"\";\n\t\"Times New Roman\";}\n<\/style>\n\n\n<![endif]--><\/p>\n<p><span style=\"ofont-size: 10pt;\">El jueves 19 de marzo, a las 20,30 horas, <strong>en la Sala Jos&eacute; Saramago de Arrecife (La Plazuela)<\/strong>, V&iacute;ctor G&oacute;mez Pin pronunciar&aacute; la conferencia titulada <em>Contra la barbarie: la filosof&iacute;a educadora de la humanidad<\/em>, dentro del espacio de reflexi&oacute;n <em>Fronteras y direcciones del progreso.<\/em> Con esta actividad, la FCM inicia las actividades culturales y medioambientales programadas para este a&ntilde;o.<\/span> <\/p>\n<p><strong><span style=\"ofont-size: 10pt;\">Victor G&oacute;mez Pin<\/span><\/strong><span style=\"ofont-size: 10pt;\"> es catedr&aacute;tico de la Universidad Aut&oacute;noma de Barcelona, donde ense&ntilde;a <em>Teor&iacute;a del Conocimiento<\/em> e <em>Introducci&oacute;n al Pensamiento matem&aacute;tico<\/em>. Desde muy joven se traslad&oacute; a la Sorbona de Paris donde alcanz&oacute; el grado de <em>Doctor de Estado<\/em> con una tesis sobre el orden aristot&eacute;lico. Tras a&ntilde;os de docencia en universidades francesas se incorpor&oacute; a <\/span><span style=\"ofont-size: 10pt;\">la  Universidad<\/span><span style=\"ofont-size: 10pt;\"> del Pa&iacute;s Vasco de cuyo Departamento de Filosof&iacute;a fue el primer director.<\/span> <\/p>\n<p><span style=\"ofont-size: 10pt;\">Victor G&oacute;mez Pin es Cordinador del <em>Congreso Internacional de Ontolog&iacute;a,<\/em> cuyas ediciones desde hace 16 a&ntilde;os han merecido el patrocinio de la UNESCO.<\/span> <\/p>\n<p><span style=\"ofont-size: 10pt;\">Autor de casi una treintena de libros, ha obtenido entre otros los Premios Anagrama de Ensayo y Espasa de Ensayo. Entre sus obras destacan <em>El drama de la ciudad ideal<\/em>, <em>L&iacute;mites de la conciencia<\/em>, <em>El infinito<\/em>, <em>Descartes, la exigencia filos&oacute;fica<\/em>, <em>La dignidad<\/em> y <em>La tentaci&oacute;n pitag&oacute;rica<\/em>. Su &uacute;ltimo libro publicado es <em>Filosof&iacute;a: Interrogaciones que a todos conciernen<\/em>, en 2008.<\/span> <\/p>\n<p><span style=\"ofont-size: 10pt;\">En el transcurso de su intervenci&oacute;n, V&iacute;ctor G&oacute;mez Pin abordar&aacute; la educaci&oacute;n de la humanidad a trav&eacute;s de la filosof&iacute;a como la posibilidad que se actualizara en cada uno de nosotros el conjunto de potencialidades que nos caracterizan como seres de raz&oacute;n; equivaldr&iacute;a simplemente a ayudarnos a realizar nuestra&nbsp;humanidad (la educaci&oacute;n ha de fertilizar un &oacute;rgano, no puede sustituirse a &eacute;l, se&ntilde;alaba ya Plat&oacute;n).<\/span> <\/p>\n<p><span style=\"ofont-size: 10pt;\">Pero desgraciadamente, aun en los pa&iacute;ses mismos en los que cabe destinar enormes sumas a tareas educativas, la concepci&oacute;n de la finalidad de la educaci&oacute;n, y la distribuci&oacute;n misma entre trabajo y ocio, afecta tambi&eacute;n a&nbsp;muchos de los ciudadanos de Europa o Norteam&eacute;rica, sometidos a una modalidad de vida tan embrutecedora que convertir&iacute;a&nbsp;en sarcasmo la idea de priorizar la formaci&oacute;n filos&oacute;fica. Si la filosof&iacute;a tiene pretensiones de universalidad, si se aspira a la <em>filosof&iacute;a<\/em> <em>como<\/em> <em>educadora de la humanidad<\/em>, entonces es imprescindible preguntarse por qu&eacute; la filosof&iacute;a tiene tan liviano peso en la formaci&oacute;n b&aacute;sica de los ciudadanos, empezando por los de Estados Unidos. Arist&oacute;teles pretend&iacute;a que la disposici&oacute;n filos&oacute;fica era propia de los hombres libres. Mas en tal caso, la neutralizaci&oacute;n de tal disposici&oacute;n en la inmensa mayor&iacute;a de los personas constituye un &iacute;ndice de la ausencia de libertad efectiva.<\/span><\/p>","protected":false},"excerpt":{"rendered":"<p>El jueves 19 de marzo, a las 20,30 horas, en la Sala Jos&eacute; Saramago de Arrecife (La Plazuela), V&iacute;ctor G&oacute;mez Pin pronunciar&aacute; la conferencia titulada Contra la barbarie: la filosof&iacute;a educadora de la humanidad, dentro del espacio de reflexi&oacute;n Fronteras y direcciones del progreso. Con esta actividad, la FCM inicia las actividades culturales y medioambientales&#8230; <a href=\"https:\/\/fcmanrique.org\/it\/19-de-marzo-conferencia-de-victor-gomez-pin-contra-la-barbarie-la-filosofia-educadora-de-la-humanidad\/\" class=\"readmore\">Contin\u00faa leyendo \u2192<\/a><\/p>\n","protected":false},"author":1,"featured_media":0,"comment_status":"closed","ping_status":"closed","sticky":false,"template":"","format":"standard","meta":{"_acf_changed":false,"ngg_post_thumbnail":0,"footnotes":""},"categories":[3,77,4],"tags":[],"class_list":["post-3999","post","type-post","status-publish","format-standard","hentry","category-sitio-antiguo","category-prensa","category-expirados"],"acf":[],"_links":{"self":[{"href":"https:\/\/fcmanrique.org\/it\/wp-json\/wp\/v2\/posts\/3999","targetHints":{"allow":["GET"]}}],"collection":[{"href":"https:\/\/fcmanrique.org\/it\/wp-json\/wp\/v2\/posts"}],"about":[{"href":"https:\/\/fcmanrique.org\/it\/wp-json\/wp\/v2\/types\/post"}],"author":[{"embeddable":true,"href":"https:\/\/fcmanrique.org\/it\/wp-json\/wp\/v2\/users\/1"}],"replies":[{"embeddable":true,"href":"https:\/\/fcmanrique.org\/it\/wp-json\/wp\/v2\/comments?post=3999"}],"version-history":[{"count":3,"href":"https:\/\/fcmanrique.org\/it\/wp-json\/wp\/v2\/posts\/3999\/revisions"}],"predecessor-version":[{"id":22841,"href":"https:\/\/fcmanrique.org\/it\/wp-json\/wp\/v2\/posts\/3999\/revisions\/22841"}],"wp:attachment":[{"href":"https:\/\/fcmanrique.org\/it\/wp-json\/wp\/v2\/media?parent=3999"}],"wp:term":[{"taxonomy":"category","embeddable":true,"href":"https:\/\/fcmanrique.org\/it\/wp-json\/wp\/v2\/categories?post=3999"},{"taxonomy":"post_tag","embeddable":true,"href":"https:\/\/fcmanrique.org\/it\/wp-json\/wp\/v2\/tags?post=3999"}],"curies":[{"name":"wp","href":"https:\/\/api.w.org\/{rel}","templated":true}]}}